{"id":116,"date":"2025-03-18T12:56:40","date_gmt":"2025-03-18T11:56:40","guid":{"rendered":"https:\/\/mx.artereciclada.com.br\/?p=116"},"modified":"2025-03-18T12:57:11","modified_gmt":"2025-03-18T11:57:11","slug":"la-importancia-del-autocuidado","status":"publish","type":"post","link":"https:\/\/mx.artereciclada.com.br\/it\/esencia\/la-importancia-del-autocuidado\/","title":{"rendered":"La Importancia del Autocuidado Emocional y F\u00edsico"},"content":{"rendered":"<p>En la vida diaria, entre el trabajo, las responsabilidades familiares y los desaf\u00edos personales, a menudo nos olvidamos de <strong>cuidarnos a nosotras mismas<\/strong>. Sin embargo, el <strong>autocuidado<\/strong> no es solo una moda, sino una necesidad para mantener nuestra salud mental, emocional y f\u00edsica. <\/p>\n\n\n\n<p>A medida que vamos avanzando en edad, especialmente despu\u00e9s de los 35 a\u00f1os, el <strong>autocuidado<\/strong> se vuelve a\u00fan m\u00e1s crucial para lograr un equilibrio entre cuerpo y mente.<\/p>\n\n\n\n<p>En este art\u00edculo, exploraremos la importancia del <strong>autocuidado emocional y f\u00edsico<\/strong>, c\u00f3mo impacta en tu bienestar general y algunos consejos pr\u00e1cticos para incorporarlo a tu rutina diaria.<\/p>\n\n\n\n<div class=\"wp-block-rank-math-toc-block\" id=\"rank-math-toc\"><h2>Table of Contents<\/h2><nav><ul><li><a href=\"#que-es-el-autocuidado-y-por-que-es-importante\">\u00bfQu\u00e9 es el Autocuidado y Por Qu\u00e9 es Importante?<\/a><ul><li><a href=\"#beneficios-del-autocuidado\">Beneficios del autocuidado<\/a><\/li><\/ul><\/li><li><a href=\"#autocuidado-emocional-cuidando-tu-mente-y-corazon\">Autocuidado Emocional: Cuidando Tu Mente y Coraz\u00f3n<\/a><ul><li><a href=\"#consejos-para-el-autocuidado-emocional\">Consejos para el autocuidado emocional<\/a><\/li><\/ul><\/li><li><a href=\"#autocuidado-fisico-cuidando-tu-cuerpo-para-sentirte-bien\">Autocuidado F\u00edsico: Cuidando Tu Cuerpo para Sentirte Bien<\/a><ul><li><a href=\"#consejos-para-el-autocuidado-fisico\">Consejos para el autocuidado f\u00edsico<\/a><\/li><\/ul><\/li><li><a href=\"#como-incorporar-el-autocuidado-en-tu-rutina-diaria\">C\u00f3mo Incorporar el Autocuidado en tu Rutina Diaria<\/a><ul><li><a href=\"#consejos-para-incorporar-el-autocuidado-en-tu-dia-a-dia\">Consejos para incorporar el autocuidado en tu d\u00eda a d\u00eda<\/a><\/li><\/ul><\/li><li><a href=\"#conclusion\">Conclusi\u00f3n<\/a><ul><li><a href=\"#fuentes\">Fuentes:<\/a><\/li><\/ul><\/li><\/ul><\/nav><\/div>\n\n\n\n<hr class=\"wp-block-separator has-alpha-channel-opacity\"\/>\n\n\n\n<h2 class=\"wp-block-heading\" id=\"que-es-el-autocuidado-y-por-que-es-importante\"><strong>\u00bfQu\u00e9 es el Autocuidado y Por Qu\u00e9 es Importante?<\/strong><\/h2>\n\n\n\n<p>El <strong>autocuidado<\/strong> se refiere a cualquier actividad que realizamos deliberadamente para cuidar de nuestra salud mental, emocional y f\u00edsica. No se trata solo de hacer cosas que nos hagan sentir bien de manera temporal, sino de establecer h\u00e1bitos que contribuyan a nuestro bienestar a largo plazo.<\/p>\n\n\n\n<h3 class=\"wp-block-heading\" id=\"beneficios-del-autocuidado\"><strong>Beneficios del autocuidado<\/strong><\/h3>\n\n\n\n<p>\u2714 <strong>Reduce el estr\u00e9s y la ansiedad<\/strong><br>\u2714 <strong>Mejora la autoestima y la confianza<\/strong><br>\u2714 <strong>Aumenta la productividad<\/strong><br>\u2714 <strong>Fortalece el sistema inmunol\u00f3gico<\/strong><br>\u2714 <strong>Fomenta la resiliencia emocional<\/strong><br>\u2714 <strong>Promueve un envejecimiento saludable y equilibrado<\/strong><\/p>\n\n\n\n<p>El <strong>autocuidado<\/strong> es esencial para sentirnos bien tanto por dentro como por fuera. No solo influye en nuestra salud f\u00edsica, sino que tambi\u00e9n afecta nuestra estabilidad emocional y mental.<\/p>\n\n\n\n<hr class=\"wp-block-separator has-alpha-channel-opacity\"\/>\n\n\n\n<h2 class=\"wp-block-heading\" id=\"autocuidado-emocional-cuidando-tu-mente-y-corazon\"><strong>Autocuidado Emocional: Cuidando Tu Mente y Coraz\u00f3n<\/strong><\/h2>\n\n\n\n<p>El <strong>autocuidado emocional<\/strong> es fundamental para mantener nuestra salud mental y emocional en equilibrio. La vida diaria puede ser abrumadora, y muchas veces nos olvidamos de darle espacio a nuestras emociones.<\/p>\n\n\n\n<h3 class=\"wp-block-heading\" id=\"consejos-para-el-autocuidado-emocional\"><strong>Consejos para el autocuidado emocional<\/strong><\/h3>\n\n\n\n<p>1\ufe0f\u20e3 <strong>Reconoce tus emociones<\/strong><br>Escuchar y aceptar lo que sientes es el primer paso para cuidar de tu bienestar emocional. Si est\u00e1s triste, frustrada o estresada, permite que esas emociones se expresen sin juicio.<\/p>\n\n\n\n<p>2\ufe0f\u20e3 <strong>Practica la gratitud<\/strong><br>Tomarte un momento cada d\u00eda para reflexionar sobre lo que agradeces puede ayudarte a enfocarte en lo positivo. Esto contribuye a reducir el estr\u00e9s y a mejorar tu perspectiva.<\/p>\n\n\n\n<p>3\ufe0f\u20e3 <strong>Establece l\u00edmites saludables<\/strong><br>Aprende a decir no cuando sea necesario y establece l\u00edmites claros en tu vida. Proteger tu tiempo y espacio personal es fundamental para tu bienestar emocional.<\/p>\n\n\n\n<p>4\ufe0f\u20e3 <strong>Busca apoyo cuando lo necesites<\/strong><br>No tienes que hacer todo sola. Hablar con un amigo cercano, un terapeuta o incluso un miembro de la familia puede ofrecerte consuelo y apoyo emocional.<\/p>\n\n\n\n<p>5\ufe0f\u20e3 <strong>Medita y practica mindfulness<\/strong><br>La meditaci\u00f3n y las t\u00e9cnicas de mindfulness son herramientas poderosas para calmar la mente y reducir la ansiedad. Dedica unos minutos al d\u00eda para respirar profundamente y estar presente en el momento.<\/p>\n\n\n\n<hr class=\"wp-block-separator has-alpha-channel-opacity\"\/>\n\n\n\n<h2 class=\"wp-block-heading\" id=\"autocuidado-fisico-cuidando-tu-cuerpo-para-sentirte-bien\"><strong>Autocuidado F\u00edsico: Cuidando Tu Cuerpo para Sentirte Bien<\/strong><\/h2>\n\n\n\n<p>El <strong>autocuidado f\u00edsico<\/strong> es igualmente crucial. Nuestro cuerpo es el veh\u00edculo que nos permite experimentar el mundo, por lo que debemos prestarle atenci\u00f3n para mantenerlo fuerte y saludable.<\/p>\n\n\n\n<h3 class=\"wp-block-heading\" id=\"consejos-para-el-autocuidado-fisico\"><strong>Consejos para el autocuidado f\u00edsico<\/strong><\/h3>\n\n\n\n<p>1\ufe0f\u20e3 <strong>Mant\u00e9n una dieta equilibrada<\/strong><br>Lo que comes impacta directamente en c\u00f3mo te sientes y en tu salud general. Opta por una dieta rica en frutas, verduras, prote\u00ednas magras y grasas saludables. Evita los alimentos ultraprocesados y las az\u00facares refinadas.<\/p>\n\n\n\n<p>2\ufe0f\u20e3 <strong>Haz ejercicio regularmente<\/strong><br>El ejercicio no solo mejora la salud f\u00edsica, sino que tambi\u00e9n tiene un impacto positivo en la salud mental. Encuentra una actividad que disfrutes, ya sea caminar, nadar, practicar yoga o levantar pesas. El movimiento regular ayuda a reducir el estr\u00e9s y mejora el estado de \u00e1nimo.<\/p>\n\n\n\n<p>3\ufe0f\u20e3 <strong>Duerme lo suficiente<\/strong><br>El descanso es fundamental para la regeneraci\u00f3n de tu cuerpo y mente. Intenta dormir entre 7 y 9 horas cada noche. El sue\u00f1o adecuado mejora la memoria, reduce la ansiedad y fortalece el sistema inmunol\u00f3gico.<\/p>\n\n\n\n<p>4\ufe0f\u20e3 <strong>Hidr\u00e1tate<\/strong><br>El agua es esencial para el funcionamiento adecuado de tu cuerpo. Beber suficiente agua mantiene la piel hidratada, favorece la digesti\u00f3n y te da energ\u00eda.<\/p>\n\n\n\n<p>5\ufe0f\u20e3 <strong>Cuida tu piel<\/strong><br>Adem\u00e1s de una rutina de <strong>skincare<\/strong>, no olvides proteger tu piel del sol todos los d\u00edas, incluso cuando est\u00e1 nublado. Usa protector solar con un SPF de 30 o superior para prevenir da\u00f1os y envejecimiento prematuro.<\/p>\n\n\n\n<hr class=\"wp-block-separator has-alpha-channel-opacity\"\/>\n\n\n\n<h2 class=\"wp-block-heading\" id=\"como-incorporar-el-autocuidado-en-tu-rutina-diaria\"><strong>C\u00f3mo Incorporar el Autocuidado en tu Rutina Diaria<\/strong><\/h2>\n\n\n\n<p>El <strong>autocuidado<\/strong> no tiene que ser complicado ni tomar horas de tu d\u00eda. Con unos peque\u00f1os ajustes, puedes hacer del autocuidado una parte integral de tu rutina diaria.<\/p>\n\n\n\n<h3 class=\"wp-block-heading\" id=\"consejos-para-incorporar-el-autocuidado-en-tu-dia-a-dia\"><strong>Consejos para incorporar el autocuidado en tu d\u00eda a d\u00eda<\/strong><\/h3>\n\n\n\n<p>\u2714 <strong>Crea una rutina matutina de autocuidado:<\/strong> Comienza el d\u00eda con una peque\u00f1a pr\u00e1ctica que te llene de energ\u00eda y calma, como estiramientos, meditaci\u00f3n o un buen desayuno saludable.<br>\u2714 <strong>Dedica tiempo a ti misma:<\/strong> Reserva momentos para ti durante la semana. Ya sea para leer, disfrutar de un ba\u00f1o relajante o simplemente desconectar de las tareas diarias.<br>\u2714 <strong>Haz del autocuidado un h\u00e1bito:<\/strong> No se trata de hacer un cambio radical, sino de incorporar peque\u00f1as pr\u00e1cticas que puedas mantener a largo plazo.<br>\u2714 <strong>No te sientas culpable por cuidar de ti misma:<\/strong> El autocuidado no es ego\u00edsta, es necesario. Al cuidarte, est\u00e1s mejorando tu bienestar, lo cual te permite ser m\u00e1s efectiva y presente en todos los aspectos de tu vida.<\/p>\n\n\n\n<hr class=\"wp-block-separator has-alpha-channel-opacity\"\/>\n\n\n\n<h2 class=\"wp-block-heading\" id=\"conclusion\"><strong>Conclusi\u00f3n<\/strong><\/h2>\n\n\n\n<p>El <strong>autocuidado<\/strong> es esencial para mantener un equilibrio emocional, mental y f\u00edsico, especialmente a medida que avanzamos en la vida. Al incorporar pr\u00e1cticas de <strong>autocuidado emocional y f\u00edsico<\/strong> en tu rutina diaria, no solo mejorar\u00e1s tu bienestar, sino que tambi\u00e9n aumentar\u00e1s tu confianza, energ\u00eda y felicidad.<\/p>\n\n\n\n<p>\u2728 <strong>Haz del autocuidado una prioridad<\/strong> y recuerda que tu bienestar es fundamental para vivir una vida plena y saludable.<\/p>\n\n\n\n<hr class=\"wp-block-separator has-alpha-channel-opacity\"\/>\n\n\n\n<h3 class=\"wp-block-heading\" id=\"fuentes\"><strong>Fuentes:<\/strong><\/h3>\n\n\n\n<p>Inspirado en consejos de bienestar, salud mental y f\u00edsica.<\/p>\n\n\n\n<p>\ud83d\udd17 <strong>Visita nuestro blog Mix Arte:<\/strong> <a href=\"https:\/\/mx.artereciclada.com.br\/it\/\">https:\/\/mx.artereciclada.com.br\/<\/a><br>\ud83d\udce9 <strong>Contacto:<\/strong> <a>contato@artereciclada.com.br<\/a><\/p>","protected":false},"excerpt":{"rendered":"<p>En la vida diaria, entre el trabajo, las responsabilidades familiares y los desaf\u00edos personales, a menudo nos olvidamos de cuidarnos a nosotras mismas. Sin embargo, el autocuidado no es solo una moda, sino una necesidad para mantener nuestra salud mental, emocional y f\u00edsica. A medida que vamos avanzando en edad, especialmente despu\u00e9s de los 35 [&hellip;]<\/p>","protected":false},"author":3,"featured_media":117,"comment_status":"open","ping_status":"open","sticky":false,"template":"","format":"standard","meta":{"footnotes":""},"categories":[6],"tags":[],"class_list":["post-116","post","type-post","status-publish","format-standard","has-post-thumbnail","hentry","category-esencia"],"blocksy_meta":[],"_links":{"self":[{"href":"https:\/\/mx.artereciclada.com.br\/it\/wp-json\/wp\/v2\/posts\/116","targetHints":{"allow":["GET"]}}],"collection":[{"href":"https:\/\/mx.artereciclada.com.br\/it\/wp-json\/wp\/v2\/posts"}],"about":[{"href":"https:\/\/mx.artereciclada.com.br\/it\/wp-json\/wp\/v2\/types\/post"}],"author":[{"embeddable":true,"href":"https:\/\/mx.artereciclada.com.br\/it\/wp-json\/wp\/v2\/users\/3"}],"replies":[{"embeddable":true,"href":"https:\/\/mx.artereciclada.com.br\/it\/wp-json\/wp\/v2\/comments?post=116"}],"version-history":[{"count":1,"href":"https:\/\/mx.artereciclada.com.br\/it\/wp-json\/wp\/v2\/posts\/116\/revisions"}],"predecessor-version":[{"id":118,"href":"https:\/\/mx.artereciclada.com.br\/it\/wp-json\/wp\/v2\/posts\/116\/revisions\/118"}],"wp:featuredmedia":[{"embeddable":true,"href":"https:\/\/mx.artereciclada.com.br\/it\/wp-json\/wp\/v2\/media\/117"}],"wp:attachment":[{"href":"https:\/\/mx.artereciclada.com.br\/it\/wp-json\/wp\/v2\/media?parent=116"}],"wp:term":[{"taxonomy":"category","embeddable":true,"href":"https:\/\/mx.artereciclada.com.br\/it\/wp-json\/wp\/v2\/categories?post=116"},{"taxonomy":"post_tag","embeddable":true,"href":"https:\/\/mx.artereciclada.com.br\/it\/wp-json\/wp\/v2\/tags?post=116"}],"curies":[{"name":"wp","href":"https:\/\/api.w.org\/{rel}","templated":true}]}}