{"id":100,"date":"2025-03-17T21:56:35","date_gmt":"2025-03-17T20:56:35","guid":{"rendered":"https:\/\/mx.artereciclada.com.br\/?p=100"},"modified":"2025-03-17T21:58:31","modified_gmt":"2025-03-17T20:58:31","slug":"historias-reales-de-transfor","status":"publish","type":"post","link":"https:\/\/mx.artereciclada.com.br\/fr\/reinvencion\/historias-reales-de-transfor\/","title":{"rendered":"Historias Reales de Transformaci\u00f3n de Estilo Femenino"},"content":{"rendered":"<p>El estilo es mucho m\u00e1s que la ropa que usamos: es una expresi\u00f3n de nuestra identidad, personalidad y confianza. A lo largo de la vida, muchas mujeres pasan por momentos de <strong>transformaci\u00f3n<\/strong> en los que descubren un nuevo sentido de la moda y se reinventan.<\/p>\n\n\n\n<p>En este art\u00edculo, te contaremos historias reales de mujeres que han experimentado un cambio significativo en su forma de vestir y en c\u00f3mo esto ha impactado su autoestima y su vida. Estas historias demuestran que nunca es tarde para evolucionar y encontrar un estilo que refleje qui\u00e9n eres hoy.<\/p>\n\n\n\n<div class=\"wp-block-rank-math-toc-block\" id=\"rank-math-toc\"><h2>Table of Contents<\/h2><nav><ul><li><a href=\"#la-moda-como-herramienta-de-transformacion-personal\">La moda como herramienta de transformaci\u00f3n personal<\/a><ul><li><a href=\"#beneficios-de-renovar-tu-estilo-personal\">Beneficios de renovar tu estilo personal<\/a><\/li><\/ul><\/li><li><a href=\"#historia-1-laura-de-un-look-monotono-a-un-estilo-vibrante-y-empoderado\">Historia #1: Laura \u2013 De un look mon\u00f3tono a un estilo vibrante y empoderado<\/a><ul><li><a href=\"#el-cambio\">El cambio:<\/a><\/li><\/ul><\/li><li><a href=\"#historia-2-ana-reinventando-su-estilo-tras-un-cambio-de-carrera\">Historia #2: Ana \u2013 Reinventando su estilo tras un cambio de carrera<\/a><ul><li><a href=\"#el-cambio-1\">El cambio:<\/a><\/li><\/ul><\/li><li><a href=\"#historia-3-sofia-redescubriendo-su-feminidad-despues-de-la-maternidad\">Historia #3: Sof\u00eda \u2013 Redescubriendo su feminidad despu\u00e9s de la maternidad<\/a><ul><li><a href=\"#el-cambio-2\">El cambio:<\/a><\/li><\/ul><\/li><li><a href=\"#como-iniciar-tu-propia-transformacion-de-estilo\">C\u00f3mo iniciar tu propia transformaci\u00f3n de estilo<\/a><ul><li><a href=\"#evalua-tu-estilo-actual\">Eval\u00faa tu estilo actual<\/a><\/li><li><a href=\"#encuentra-inspiracion\">Encuentra inspiraci\u00f3n<\/a><\/li><li><a href=\"#atrevete-a-probar-algo-nuevo\">Atr\u00e9vete a probar algo nuevo<\/a><\/li><li><a href=\"#invierte-en-prendas-clave\">Invierte en prendas clave<\/a><\/li><li><a href=\"#no-olvides-la-actitud\">No olvides la actitud<\/a><\/li><\/ul><\/li><li><a href=\"#conclusion\">Conclusi\u00f3n<\/a><ul><li><a href=\"#fuentes\">Fuentes:<\/a><\/li><\/ul><\/li><\/ul><\/nav><\/div>\n\n\n\n<hr class=\"wp-block-separator has-alpha-channel-opacity\"\/>\n\n\n\n<h2 class=\"wp-block-heading\" id=\"la-moda-como-herramienta-de-transformacion-personal\"><strong>La moda como herramienta de transformaci\u00f3n personal<\/strong><\/h2>\n\n\n\n<p>El <strong>estilo femenino<\/strong> no es est\u00e1tico, sino que evoluciona con el tiempo. Factores como la edad, cambios personales, maternidad, cambios de carrera o simplemente la b\u00fasqueda de una imagen m\u00e1s alineada con la personalidad actual pueden ser el detonante de una <strong>transformaci\u00f3n estil\u00edstica<\/strong>.<\/p>\n\n\n\n<h3 class=\"wp-block-heading\" id=\"beneficios-de-renovar-tu-estilo-personal\"><strong>Beneficios de renovar tu estilo personal<\/strong><\/h3>\n\n\n\n<p>\u2714 <strong>Refuerza la autoestima<\/strong> al sentirte c\u00f3moda con tu imagen.<br>\u2714 <strong>Aporta seguridad<\/strong> en distintos aspectos de la vida.<br>\u2714 <strong>Expresa mejor tu personalidad<\/strong> y valores actuales.<br>\u2714 <strong>Rompe con la monoton\u00eda<\/strong> y te ayuda a descubrir nuevas versiones de ti misma.<\/p>\n\n\n\n<p>Ahora, exploremos casos reales de mujeres que han vivido este proceso.<\/p>\n\n\n\n<hr class=\"wp-block-separator has-alpha-channel-opacity\"\/>\n\n\n\n<h2 class=\"wp-block-heading\" id=\"historia-1-laura-de-un-look-monotono-a-un-estilo-vibrante-y-empoderado\"><strong>Historia #1: Laura \u2013 De un look mon\u00f3tono a un estilo vibrante y empoderado<\/strong><\/h2>\n\n\n\n<p>Laura, de 42 a\u00f1os, sol\u00eda vestirse con ropa oscura y sin mucha variedad. Durante a\u00f1os, eligi\u00f3 prendas b\u00e1sicas por comodidad, pero sin sentir que su ropa realmente reflejaba su esencia.<\/p>\n\n\n\n<h3 class=\"wp-block-heading\" id=\"el-cambio\"><strong>El cambio:<\/strong><\/h3>\n\n\n\n<p>\ud83d\udd39 Se asesor\u00f3 con una estilista y descubri\u00f3 su paleta de colores ideal.<br>\ud83d\udd39 Incorpor\u00f3 prendas con cortes favorecedores que resaltaban su silueta.<br>\ud83d\udd39 Se atrevi\u00f3 a usar accesorios y estampados que le daban m\u00e1s vida a sus outfits.<\/p>\n\n\n\n<p><strong>Resultado:<\/strong> Hoy, Laura se siente m\u00e1s segura de s\u00ed misma, con un estilo vibrante que la hace destacar en cualquier ocasi\u00f3n.<\/p>\n\n\n\n<hr class=\"wp-block-separator has-alpha-channel-opacity\"\/>\n\n\n\n<h2 class=\"wp-block-heading\" id=\"historia-2-ana-reinventando-su-estilo-tras-un-cambio-de-carrera\"><strong>Historia #2: Ana \u2013 Reinventando su estilo tras un cambio de carrera<\/strong><\/h2>\n\n\n\n<p>Ana, de 38 a\u00f1os, trabajaba en un ambiente corporativo donde su vestimenta era estrictamente formal. Cuando decidi\u00f3 emprender su propio negocio creativo, sinti\u00f3 que su ropa no representaba su nueva vida.<\/p>\n\n\n\n<h3 class=\"wp-block-heading\" id=\"el-cambio-1\"><strong>El cambio:<\/strong><\/h3>\n\n\n\n<p>\ud83d\udd39 Se deshizo de trajes r\u00edgidos y adopt\u00f3 prendas m\u00e1s fluidas y c\u00f3modas.<br>\ud83d\udd39 Introdujo colores neutros y naturales para reflejar su nueva identidad profesional.<br>\ud83d\udd39 Adapt\u00f3 su estilo sin perder elegancia, pero con mayor frescura.<\/p>\n\n\n\n<p><strong>Resultado:<\/strong> Ana logr\u00f3 transmitir su personalidad en su vestimenta, proyectando confianza y creatividad en su nueva carrera.<\/p>\n\n\n\n<hr class=\"wp-block-separator has-alpha-channel-opacity\"\/>\n\n\n\n<h2 class=\"wp-block-heading\" id=\"historia-3-sofia-redescubriendo-su-feminidad-despues-de-la-maternidad\"><strong>Historia #3: Sof\u00eda \u2013 Redescubriendo su feminidad despu\u00e9s de la maternidad<\/strong><\/h2>\n\n\n\n<p>Despu\u00e9s de ser madre, Sof\u00eda, de 36 a\u00f1os, dej\u00f3 de lado su estilo personal por comodidad. Durante a\u00f1os, prioriz\u00f3 la practicidad sobre la moda, hasta que se dio cuenta de que pod\u00eda equilibrar ambos aspectos.<\/p>\n\n\n\n<h3 class=\"wp-block-heading\" id=\"el-cambio-2\"><strong>El cambio:<\/strong><\/h3>\n\n\n\n<p>\ud83d\udd39 Opt\u00f3 por prendas funcionales pero con detalles femeninos y modernos.<br>\ud83d\udd39 Incorpor\u00f3 piezas vers\u00e1tiles como blazers, vestidos fluidos y jeans de corte favorecedor.<br>\ud83d\udd39 Aprendi\u00f3 a equilibrar comodidad y estilo con peque\u00f1os ajustes en su armario.<\/p>\n\n\n\n<p><strong>Resultado:<\/strong> Ahora Sof\u00eda se siente renovada y segura, demostrando que ser madre no significa dejar de lado el estilo.<\/p>\n\n\n\n<hr class=\"wp-block-separator has-alpha-channel-opacity\"\/>\n\n\n\n<h2 class=\"wp-block-heading\" id=\"como-iniciar-tu-propia-transformacion-de-estilo\"><strong>C\u00f3mo iniciar tu propia transformaci\u00f3n de estilo<\/strong><\/h2>\n\n\n\n<p>Si estas historias te han inspirado, aqu\u00ed tienes algunos consejos para comenzar tu propia <strong>transformaci\u00f3n estil\u00edstica<\/strong>:<\/p>\n\n\n\n<h3 class=\"wp-block-heading\" id=\"evalua-tu-estilo-actual\"><strong>Eval\u00faa tu estilo actual<\/strong><\/h3>\n\n\n\n<p> Revisa tu armario y preg\u00fantate: \u00bfRealmente refleja qui\u00e9n soy hoy?<\/p>\n\n\n\n<h3 class=\"wp-block-heading\" id=\"encuentra-inspiracion\"><strong>Encuentra inspiraci\u00f3n<\/strong><\/h3>\n\n\n\n<p> Explora revistas, redes sociales o blogs como <strong>Mix Arte<\/strong> para descubrir estilos que te identifiquen.<\/p>\n\n\n\n<h3 class=\"wp-block-heading\" id=\"atrevete-a-probar-algo-nuevo\"><strong>Atr\u00e9vete a probar algo nuevo<\/strong><\/h3>\n\n\n\n<p> Introduce cambios progresivos en tu vestimenta hasta encontrar lo que te haga sentir c\u00f3moda y segura.<\/p>\n\n\n\n<h3 class=\"wp-block-heading\" id=\"invierte-en-prendas-clave\"><strong>Invierte en prendas clave<\/strong><\/h3>\n\n\n\n<p> Opta por piezas vers\u00e1tiles y atemporales que te ayuden a construir un estilo aut\u00e9ntico.<\/p>\n\n\n\n<h3 class=\"wp-block-heading\" id=\"no-olvides-la-actitud\"><strong>No olvides la actitud<\/strong><\/h3>\n\n\n\n<p> La seguridad y confianza en ti misma son la clave para que cualquier transformaci\u00f3n sea exitosa.<\/p>\n\n\n\n<hr class=\"wp-block-separator has-alpha-channel-opacity\"\/>\n\n\n\n<h2 class=\"wp-block-heading\" id=\"conclusion\"><strong>Conclusi\u00f3n<\/strong><\/h2>\n\n\n\n<p>La <strong>transformaci\u00f3n de estilo<\/strong> es un proceso emocionante que va m\u00e1s all\u00e1 de la moda. Es una oportunidad para reinventarte, expresar tu personalidad y fortalecer tu confianza.<\/p>\n\n\n\n<p>No importa la edad ni el momento de la vida en el que te encuentres, siempre es posible evolucionar y encontrar un estilo que te haga sentir plena y segura.<\/p>\n\n\n\n<p>\u2728 <strong>\u00bfLista para tu propia transformaci\u00f3n de estilo?<\/strong> Insp\u00edrate, experimenta y atr\u00e9vete a descubrir una nueva versi\u00f3n de ti misma.<\/p>\n\n\n\n<hr class=\"wp-block-separator has-alpha-channel-opacity\"\/>\n\n\n\n<h3 class=\"wp-block-heading\" id=\"fuentes\"><strong>Fuentes:<\/strong><\/h3>\n\n\n\n<p>Inspirado en historias de mujeres reales y tendencias de moda.<\/p>\n\n\n\n<p>\ud83d\udd17 <strong>Visita nuestro blog Mix Arte:<\/strong> <a href=\"https:\/\/mx.artereciclada.com.br\/fr\/\">https:\/\/mx.artereciclada.com.br\/<\/a><br>\ud83d\udce9 <strong>Contacto:<\/strong> <a>contato@artereciclada.com.br<\/a><\/p>","protected":false},"excerpt":{"rendered":"<p>El estilo es mucho m\u00e1s que la ropa que usamos: es una expresi\u00f3n de nuestra identidad, personalidad y confianza. A lo largo de la vida, muchas mujeres pasan por momentos de transformaci\u00f3n en los que descubren un nuevo sentido de la moda y se reinventan. En este art\u00edculo, te contaremos historias reales de mujeres que [&hellip;]<\/p>","protected":false},"author":3,"featured_media":101,"comment_status":"open","ping_status":"open","sticky":false,"template":"","format":"standard","meta":{"footnotes":""},"categories":[5],"tags":[],"class_list":["post-100","post","type-post","status-publish","format-standard","has-post-thumbnail","hentry","category-reinvencion"],"blocksy_meta":[],"_links":{"self":[{"href":"https:\/\/mx.artereciclada.com.br\/fr\/wp-json\/wp\/v2\/posts\/100","targetHints":{"allow":["GET"]}}],"collection":[{"href":"https:\/\/mx.artereciclada.com.br\/fr\/wp-json\/wp\/v2\/posts"}],"about":[{"href":"https:\/\/mx.artereciclada.com.br\/fr\/wp-json\/wp\/v2\/types\/post"}],"author":[{"embeddable":true,"href":"https:\/\/mx.artereciclada.com.br\/fr\/wp-json\/wp\/v2\/users\/3"}],"replies":[{"embeddable":true,"href":"https:\/\/mx.artereciclada.com.br\/fr\/wp-json\/wp\/v2\/comments?post=100"}],"version-history":[{"count":1,"href":"https:\/\/mx.artereciclada.com.br\/fr\/wp-json\/wp\/v2\/posts\/100\/revisions"}],"predecessor-version":[{"id":102,"href":"https:\/\/mx.artereciclada.com.br\/fr\/wp-json\/wp\/v2\/posts\/100\/revisions\/102"}],"wp:featuredmedia":[{"embeddable":true,"href":"https:\/\/mx.artereciclada.com.br\/fr\/wp-json\/wp\/v2\/media\/101"}],"wp:attachment":[{"href":"https:\/\/mx.artereciclada.com.br\/fr\/wp-json\/wp\/v2\/media?parent=100"}],"wp:term":[{"taxonomy":"category","embeddable":true,"href":"https:\/\/mx.artereciclada.com.br\/fr\/wp-json\/wp\/v2\/categories?post=100"},{"taxonomy":"post_tag","embeddable":true,"href":"https:\/\/mx.artereciclada.com.br\/fr\/wp-json\/wp\/v2\/tags?post=100"}],"curies":[{"name":"wp","href":"https:\/\/api.w.org\/{rel}","templated":true}]}}