{"id":180,"date":"2025-03-18T17:20:21","date_gmt":"2025-03-18T16:20:21","guid":{"rendered":"https:\/\/mx.artereciclada.com.br\/?p=180"},"modified":"2025-03-18T17:20:42","modified_gmt":"2025-03-18T16:20:42","slug":"prendas-basicas-para","status":"publish","type":"post","link":"https:\/\/mx.artereciclada.com.br\/es\/inspiracion\/prendas-basicas-para\/","title":{"rendered":"Prendas B\u00e1sicas para un Armario Femenino Atemporal"},"content":{"rendered":"<p>Tener un <strong>armario atemporal<\/strong> es un objetivo clave para muchas mujeres que buscan mantener un estilo sofisticado y pr\u00e1ctico, especialmente a partir de los 35 a\u00f1os. <\/p>\n\n\n\n<p>La moda no tiene que ser ef\u00edmera ni basada en las \u00faltimas tendencias; se trata de crear una colecci\u00f3n de <strong>prendas b\u00e1sicas<\/strong> que no solo resistan el paso del tiempo, sino que tambi\u00e9n sean vers\u00e1tiles, c\u00f3modas y siempre favorecedoras. <\/p>\n\n\n\n<p>Un armario atemporal est\u00e1 lleno de piezas cl\u00e1sicas que se pueden mezclar y combinar f\u00e1cilmente, y que te hacen sentir elegante y confiada en cualquier ocasi\u00f3n.<\/p>\n\n\n\n<p>En este art\u00edculo, te mostramos las <strong>prendas b\u00e1sicas<\/strong> que no deben faltar en tu armario para lograr un estilo <strong>atemporal<\/strong>, elegante y lleno de estilo.<\/p>\n\n\n\n<div class=\"wp-block-rank-math-toc-block\" id=\"rank-math-toc\"><h2>Table of Contents<\/h2><nav><ul><li><a href=\"#la-camisa-blanca-clasica\">La Camisa Blanca Cl\u00e1sica<\/a><ul><li><a href=\"#como-usarla\">C\u00f3mo usarla:<\/a><\/li><li><a href=\"#beneficios\">Beneficios:<\/a><\/li><\/ul><\/li><li><a href=\"#los-jeans-de-corte-recto\">Los Jeans de Corte Recto<\/a><ul><li><a href=\"#como-usarlos\">C\u00f3mo usarlos:<\/a><\/li><li><a href=\"#beneficios-1\">Beneficios:<\/a><\/li><\/ul><\/li><li><a href=\"#el-vestido-midi-sencillo\">El Vestido Midi Sencillo<\/a><ul><li><a href=\"#como-usarlo\">C\u00f3mo usarlo:<\/a><\/li><li><a href=\"#beneficios-2\">Beneficios:<\/a><\/li><\/ul><\/li><li><a href=\"#la-chaqueta-de-blazer\">La Chaqueta de Blazer<\/a><ul><li><a href=\"#como-usarlo-3\">C\u00f3mo usarlo:<\/a><\/li><li><a href=\"#beneficios-4\">Beneficios:<\/a><\/li><\/ul><\/li><li><a href=\"#las-prendas-negras-basicas\">Las Prendas Negras B\u00e1sicas<\/a><ul><li><a href=\"#como-usarlas\">C\u00f3mo usarlas:<\/a><\/li><li><a href=\"#beneficios-5\">Beneficios:<\/a><\/li><\/ul><\/li><li><a href=\"#conclusion\">Conclusi\u00f3n<\/a><ul><li><a href=\"#fuentes\">Fuentes:<\/a><\/li><\/ul><\/li><\/ul><\/nav><\/div>\n\n\n\n<hr class=\"wp-block-separator has-alpha-channel-opacity\"\/>\n\n\n\n<h2 class=\"wp-block-heading\" id=\"la-camisa-blanca-clasica\"><strong>La Camisa Blanca Cl\u00e1sica<\/strong><\/h2>\n\n\n\n<p>La <strong>camisa blanca<\/strong> es sin duda una de las prendas m\u00e1s emblem\u00e1ticas de un armario atemporal. Es una pieza vers\u00e1til que se puede usar en diversas situaciones, desde un look de oficina hasta una salida casual. Esta prenda es ideal porque nunca pasa de moda, y su simplicidad la convierte en un b\u00e1sico imprescindible para cualquier mujer.<\/p>\n\n\n\n<h3 class=\"wp-block-heading\" id=\"como-usarla\"><strong>C\u00f3mo usarla:<\/strong><\/h3>\n\n\n\n<ul class=\"wp-block-list\">\n<li>Comb\u00ednala con <strong>pantalones de tiro alto<\/strong> para un look elegante y pulido.<\/li>\n\n\n\n<li>\u00dasala con <strong>jeans<\/strong> para un estilo casual pero refinado.<\/li>\n\n\n\n<li>A\u00f1\u00e1dela a una <strong>falda midi<\/strong> o incluso con <strong>blazers<\/strong> para un toque sofisticado en eventos formales.<\/li>\n<\/ul>\n\n\n\n<h3 class=\"wp-block-heading\" id=\"beneficios\"><strong>Beneficios:<\/strong><\/h3>\n\n\n\n<p>\u2714 <strong>Versatilidad<\/strong>: Puedes combinarla con casi cualquier otra prenda.<br>\u2714 <strong>Elegancia instant\u00e1nea<\/strong>: Una camisa blanca siempre proyecta sofisticaci\u00f3n.<br>\u2714 <strong>Durabilidad<\/strong>: No importa cu\u00e1ntos a\u00f1os pasen, la camisa blanca siempre ser\u00e1 un cl\u00e1sico.<\/p>\n\n\n\n<hr class=\"wp-block-separator has-alpha-channel-opacity\"\/>\n\n\n\n<h2 class=\"wp-block-heading\" id=\"los-jeans-de-corte-recto\"><strong>Los Jeans de Corte Recto<\/strong><\/h2>\n\n\n\n<p>El <strong>jean de corte recto<\/strong> es otro b\u00e1sico fundamental para un armario atemporal. Esta prenda es ideal porque, a diferencia de los modelos ajustados, tiene un corte m\u00e1s relajado que favorece todas las figuras y es mucho m\u00e1s c\u00f3modo. Los <strong>jeans rectos<\/strong> son perfectos para crear looks modernos sin perder la elegancia.<\/p>\n\n\n\n<h3 class=\"wp-block-heading\" id=\"como-usarlos\"><strong>C\u00f3mo usarlos:<\/strong><\/h3>\n\n\n\n<ul class=\"wp-block-list\">\n<li>Comb\u00ednalos con <strong>blusas<\/strong> o <strong>camisetas<\/strong> para un look relajado pero elegante.<\/li>\n\n\n\n<li>Si buscas algo m\u00e1s sofisticado, agr\u00e9gales una <strong>blazer<\/strong> o un <strong>su\u00e9ter de lana<\/strong> de buena calidad.<\/li>\n\n\n\n<li>Son perfectos con <strong>botines<\/strong> o <strong>zapatos de tac\u00f3n bajo<\/strong> para mayor comodidad.<\/li>\n<\/ul>\n\n\n\n<h3 class=\"wp-block-heading\" id=\"beneficios-1\"><strong>Beneficios:<\/strong><\/h3>\n\n\n\n<p>\u2714 <strong>Comodidad<\/strong>: No son tan ajustados, lo que los hace ideales para el d\u00eda a d\u00eda.<br>\u2714 <strong>Estilo vers\u00e1til<\/strong>: Puedes usarlo tanto para un d\u00eda de trabajo como para un evento informal.<br>\u2714 <strong>Durabilidad<\/strong>: Los <strong>jeans rectos<\/strong> nunca pasar\u00e1n de moda.<\/p>\n\n\n\n<hr class=\"wp-block-separator has-alpha-channel-opacity\"\/>\n\n\n\n<h2 class=\"wp-block-heading\" id=\"el-vestido-midi-sencillo\"><strong>El Vestido Midi Sencillo<\/strong><\/h2>\n\n\n\n<p>El <strong>vestido midi<\/strong> es una de las prendas m\u00e1s elegantes y atemporales que puedes tener en tu armario. Con un dise\u00f1o que llega justo por debajo de la rodilla, este vestido resalta la figura de manera sutil y elegante. Ideal para todas las edades, el vestido midi puede ser usado en m\u00faltiples ocasiones.<\/p>\n\n\n\n<h3 class=\"wp-block-heading\" id=\"como-usarlo\"><strong>C\u00f3mo usarlo:<\/strong><\/h3>\n\n\n\n<ul class=\"wp-block-list\">\n<li>Elige un <strong>vestido midi<\/strong> en un color neutro como <strong>negro<\/strong>, <strong>beige<\/strong> o <strong>azul marino<\/strong> para hacerlo m\u00e1s vers\u00e1til.<\/li>\n\n\n\n<li>Puedes combinarlo con <strong>sandalias de tac\u00f3n bajo<\/strong> o <strong>botines<\/strong> para el oto\u00f1o y el invierno.<\/li>\n\n\n\n<li>Si hace fr\u00edo, agrega una <strong>chaqueta estructurada<\/strong> o un <strong>su\u00e9ter de lana<\/strong>.<\/li>\n<\/ul>\n\n\n\n<h3 class=\"wp-block-heading\" id=\"beneficios-2\"><strong>Beneficios:<\/strong><\/h3>\n\n\n\n<p>\u2714 <strong>Feminidad y elegancia<\/strong>: Resalta tu figura de manera sutil y elegante.<br>\u2714 <strong>Perfecto para cualquier ocasi\u00f3n<\/strong>: Desde un evento formal hasta una salida casual.<br>\u2714 <strong>Comodidad y versatilidad<\/strong>: Su longitud lo hace ideal para todo tipo de actividades.<\/p>\n\n\n\n<hr class=\"wp-block-separator has-alpha-channel-opacity\"\/>\n\n\n\n<h2 class=\"wp-block-heading\" id=\"la-chaqueta-de-blazer\"><strong>La Chaqueta de Blazer<\/strong><\/h2>\n\n\n\n<p>El <strong>blazer<\/strong> es una de las prendas m\u00e1s poderosas para lograr un estilo <strong>atemporal<\/strong>. Al ser estructurada y con un toque formal, el blazer puede elevar cualquier conjunto, desde un look de oficina hasta uno m\u00e1s relajado con jeans o pantalones de tela.<\/p>\n\n\n\n<h3 class=\"wp-block-heading\" id=\"como-usarlo-3\"><strong>C\u00f3mo usarlo:<\/strong><\/h3>\n\n\n\n<ul class=\"wp-block-list\">\n<li>Comb\u00ednalo con <strong>pantalones de tela<\/strong> para una apariencia elegante y profesional.<\/li>\n\n\n\n<li>\u00dasalo sobre una <strong>camisa blanca<\/strong> o una <strong>blusa de seda<\/strong> para un look m\u00e1s refinado.<\/li>\n\n\n\n<li>Agrega un toque moderno combinando el blazer con <strong>jeans rectos<\/strong> y <strong>botines<\/strong>.<\/li>\n<\/ul>\n\n\n\n<h3 class=\"wp-block-heading\" id=\"beneficios-4\"><strong>Beneficios:<\/strong><\/h3>\n\n\n\n<p>\u2714 <strong>Estilo instant\u00e1neo<\/strong>: Un blazer bien elegido siempre proyecta elegancia y autoridad.<br>\u2714 <strong>Versatilidad<\/strong>: Puedes usarlo en diversas ocasiones, desde reuniones de trabajo hasta cenas formales.<br>\u2714 <strong>Comodidad y ajuste<\/strong>: Un buen blazer se ajusta perfectamente a la figura y proporciona un toque de sofisticaci\u00f3n sin ser inc\u00f3modo.<\/p>\n\n\n\n<hr class=\"wp-block-separator has-alpha-channel-opacity\"\/>\n\n\n\n<h2 class=\"wp-block-heading\" id=\"las-prendas-negras-basicas\"><strong>Las Prendas Negras B\u00e1sicas<\/strong><\/h2>\n\n\n\n<p>El <strong>negro<\/strong> es un color que nunca pasar\u00e1 de moda y se puede usar en casi cualquier situaci\u00f3n. Las <strong>prendas negras<\/strong> son la base de cualquier armario atemporal, ya que son elegantes, f\u00e1ciles de combinar y extremadamente vers\u00e1tiles.<\/p>\n\n\n\n<h3 class=\"wp-block-heading\" id=\"como-usarlas\"><strong>C\u00f3mo usarlas:<\/strong><\/h3>\n\n\n\n<ul class=\"wp-block-list\">\n<li>Un <strong>vestido negro<\/strong> (conocido como el &#8220;little black dress&#8221;) es una pieza clave para cualquier evento formal o informal.<\/li>\n\n\n\n<li><strong>Pantalones negros<\/strong> de corte recto o <strong>faldas<\/strong> siempre proyectan una imagen sofisticada y refinada.<\/li>\n\n\n\n<li>Las <strong>blusas negras<\/strong> combinan perfectamente con cualquier otro color y son muy f\u00e1ciles de integrar en tu guardarropa diario.<\/li>\n<\/ul>\n\n\n\n<h3 class=\"wp-block-heading\" id=\"beneficios-5\"><strong>Beneficios:<\/strong><\/h3>\n\n\n\n<p>\u2714 <strong>Estilo sofisticado<\/strong>: El negro siempre ser\u00e1 sin\u00f3nimo de elegancia.<br>\u2714 <strong>Combinaci\u00f3n f\u00e1cil<\/strong>: Las prendas negras son f\u00e1ciles de mezclar con otras piezas m\u00e1s coloridas.<br>\u2714 <strong>Pr\u00e1cticas y elegantes<\/strong>: No importa la ocasi\u00f3n, el negro siempre te hace lucir chic.<\/p>\n\n\n\n<hr class=\"wp-block-separator has-alpha-channel-opacity\"\/>\n\n\n\n<h2 class=\"wp-block-heading\" id=\"conclusion\"><strong>Conclusi\u00f3n<\/strong><\/h2>\n\n\n\n<p>Las <strong>prendas b\u00e1sicas<\/strong> son la base de un <strong>armario atemporal<\/strong> que puedes usar durante a\u00f1os. Con una combinaci\u00f3n de piezas cl\u00e1sicas como la <strong>camisa blanca<\/strong>, <strong>jeans rectos<\/strong>, <strong>blazers<\/strong> y <strong>vestidos midi<\/strong>, puedes crear un estilo personal, sofisticado y c\u00f3modo. La clave est\u00e1 en elegir prendas de calidad y que se ajusten bien a tu figura, para que puedas lucir elegante y sentirte incre\u00edble sin esfuerzo.<\/p>\n\n\n\n<p>\u2728 <strong>Invierte en piezas atemporales y disfruta de un armario que nunca pasa de moda, lleno de estilo y versatilidad.<\/strong><\/p>\n\n\n\n<hr class=\"wp-block-separator has-alpha-channel-opacity\"\/>\n\n\n\n<h3 class=\"wp-block-heading\" id=\"fuentes\"><strong>Fuentes:<\/strong><\/h3>\n\n\n\n<p>Inspirado en los principios del estilo cl\u00e1sico y atemporal en moda femenina.<\/p>\n\n\n\n<p>\ud83d\udd17 <strong>Visita nuestro blog Mix Arte:<\/strong> <a href=\"https:\/\/mx.artereciclada.com.br\/es\/\">https:\/\/mx.artereciclada.com.br\/<\/a><br>\ud83d\udce9 <strong>Contacto:<\/strong> <a>contato@artereciclada.com.br<\/a><\/p>","protected":false},"excerpt":{"rendered":"<p>Tener un armario atemporal es un objetivo clave para muchas mujeres que buscan mantener un estilo sofisticado y pr\u00e1ctico, especialmente a partir de los 35 a\u00f1os. La moda no tiene que ser ef\u00edmera ni basada en las \u00faltimas tendencias; se trata de crear una colecci\u00f3n de prendas b\u00e1sicas que no solo resistan el paso del [&hellip;]<\/p>","protected":false},"author":3,"featured_media":181,"comment_status":"open","ping_status":"open","sticky":false,"template":"","format":"standard","meta":{"footnotes":""},"categories":[7],"tags":[],"class_list":["post-180","post","type-post","status-publish","format-standard","has-post-thumbnail","hentry","category-inspiracion"],"blocksy_meta":[],"_links":{"self":[{"href":"https:\/\/mx.artereciclada.com.br\/es\/wp-json\/wp\/v2\/posts\/180","targetHints":{"allow":["GET"]}}],"collection":[{"href":"https:\/\/mx.artereciclada.com.br\/es\/wp-json\/wp\/v2\/posts"}],"about":[{"href":"https:\/\/mx.artereciclada.com.br\/es\/wp-json\/wp\/v2\/types\/post"}],"author":[{"embeddable":true,"href":"https:\/\/mx.artereciclada.com.br\/es\/wp-json\/wp\/v2\/users\/3"}],"replies":[{"embeddable":true,"href":"https:\/\/mx.artereciclada.com.br\/es\/wp-json\/wp\/v2\/comments?post=180"}],"version-history":[{"count":1,"href":"https:\/\/mx.artereciclada.com.br\/es\/wp-json\/wp\/v2\/posts\/180\/revisions"}],"predecessor-version":[{"id":182,"href":"https:\/\/mx.artereciclada.com.br\/es\/wp-json\/wp\/v2\/posts\/180\/revisions\/182"}],"wp:featuredmedia":[{"embeddable":true,"href":"https:\/\/mx.artereciclada.com.br\/es\/wp-json\/wp\/v2\/media\/181"}],"wp:attachment":[{"href":"https:\/\/mx.artereciclada.com.br\/es\/wp-json\/wp\/v2\/media?parent=180"}],"wp:term":[{"taxonomy":"category","embeddable":true,"href":"https:\/\/mx.artereciclada.com.br\/es\/wp-json\/wp\/v2\/categories?post=180"},{"taxonomy":"post_tag","embeddable":true,"href":"https:\/\/mx.artereciclada.com.br\/es\/wp-json\/wp\/v2\/tags?post=180"}],"curies":[{"name":"wp","href":"https:\/\/api.w.org\/{rel}","templated":true}]}}