{"id":131,"date":"2025-03-18T13:53:20","date_gmt":"2025-03-18T12:53:20","guid":{"rendered":"https:\/\/mx.artereciclada.com.br\/?p=131"},"modified":"2025-03-18T13:53:37","modified_gmt":"2025-03-18T12:53:37","slug":"belleza-con-naturalidad-menos","status":"publish","type":"post","link":"https:\/\/mx.artereciclada.com.br\/es\/esencia\/belleza-con-naturalidad-menos\/","title":{"rendered":"Belleza con Naturalidad: Menos es M\u00e1s Despu\u00e9s de los 35"},"content":{"rendered":"<p>A medida que avanzamos en edad, nuestra perspectiva sobre la belleza cambia. La b\u00fasqueda de un look natural y aut\u00e9ntico se vuelve m\u00e1s relevante, especialmente despu\u00e9s de los 35 a\u00f1os. <\/p>\n\n\n\n<p>En lugar de seguir tendencias complicadas o cargar el rostro con productos pesados, el enfoque de belleza basado en la <strong>naturalidad<\/strong> se convierte en una forma de resaltar lo mejor de nosotras mismas sin perder autenticidad.<\/p>\n\n\n\n<p>En este art\u00edculo, exploraremos c\u00f3mo abrazar la <strong>naturalidad<\/strong> en la belleza, por qu\u00e9 el enfoque \u201cmenos es m\u00e1s\u201d es ideal despu\u00e9s de los 35 y c\u00f3mo puedes adaptar tu rutina de belleza para lograr una apariencia fresca, saludable y genuina.<\/p>\n\n\n\n<div class=\"wp-block-rank-math-toc-block\" id=\"rank-math-toc\"><h2>Table of Contents<\/h2><nav><ul><li><a href=\"#por-que-adoptar-la-belleza-natural-despues-de-los-35\">\u00bfPor Qu\u00e9 Adoptar la Belleza Natural Despu\u00e9s de los 35?<\/a><ul><li><a href=\"#beneficios-de-la-belleza-natural-despues-de-los-35\">Beneficios de la belleza natural despu\u00e9s de los 35<\/a><\/li><\/ul><\/li><li><a href=\"#claves-para-adoptar-la-belleza-natural-despues-de-los-35\">Claves para Adoptar la Belleza Natural Despu\u00e9s de los 35<\/a><ul><li><a href=\"#cuida-tu-piel-la-base-de-la-belleza-natural\">Cuida tu piel: La base de la belleza natural<\/a><\/li><li><a href=\"#menos-maquillaje-mas-frescura\">Menos maquillaje, m\u00e1s frescura<\/a><\/li><li><a href=\"#resalta-tus-ojos-con-sutileza\">Resalta tus ojos con sutileza<\/a><\/li><li><a href=\"#labios-naturales-y-saludables\">Labios naturales y saludables<\/a><\/li><li><a href=\"#cuida-tu-cabello-con-productos-naturales\">Cuida tu cabello con productos naturales<\/a><\/li><li><a href=\"#dieta-balanceada-para-potenciar-la-belleza-natural\">Dieta balanceada para potenciar la belleza natural<\/a><\/li><\/ul><\/li><li><a href=\"#conclusion\">Conclusi\u00f3n<\/a><ul><li><a href=\"#fuentes\">Fuentes:<\/a><\/li><\/ul><\/li><\/ul><\/nav><\/div>\n\n\n\n<hr class=\"wp-block-separator has-alpha-channel-opacity\"\/>\n\n\n\n<h2 class=\"wp-block-heading\" id=\"por-que-adoptar-la-belleza-natural-despues-de-los-35\"><strong>\u00bfPor Qu\u00e9 Adoptar la Belleza Natural Despu\u00e9s de los 35?<\/strong><\/h2>\n\n\n\n<p>A partir de los 35 a\u00f1os, nuestra piel comienza a experimentar cambios significativos. La p\u00e9rdida de firmeza, la aparici\u00f3n de l\u00edneas finas y la disminuci\u00f3n de la hidrataci\u00f3n son solo algunos de los signos que enfrentamos. Sin embargo, en lugar de intentar ocultar estos cambios con capas de maquillaje, la <strong>belleza natural<\/strong> nos invita a aceptarlos y resaltarlos, permitiendo que nuestra verdadera esencia brille.<\/p>\n\n\n\n<h3 class=\"wp-block-heading\" id=\"beneficios-de-la-belleza-natural-despues-de-los-35\"><strong>Beneficios de la belleza natural despu\u00e9s de los 35<\/strong><\/h3>\n\n\n\n<p>\u2714 <strong>Realza lo mejor de ti misma<\/strong>: Sin sobrecargar la piel, permites que su luminosidad natural resplandezca.<br>\u2714 <strong>Reduce el riesgo de irritaciones<\/strong>: Al usar menos productos, tu piel respira mejor y se irrita menos.<br>\u2714 <strong>Fomenta la autoestima<\/strong>: Aceptar tu belleza natural mejora tu confianza y te conecta con tu esencia.<br>\u2714 <strong>Cuida la salud de tu piel<\/strong>: Evitar el uso de productos pesados ayuda a mantener la piel en buen estado.<\/p>\n\n\n\n<p>El enfoque de <strong>menos es m\u00e1s<\/strong> no solo es m\u00e1s pr\u00e1ctico, sino que tambi\u00e9n es m\u00e1s saludable para tu piel.<\/p>\n\n\n\n<hr class=\"wp-block-separator has-alpha-channel-opacity\"\/>\n\n\n\n<h2 class=\"wp-block-heading\" id=\"claves-para-adoptar-la-belleza-natural-despues-de-los-35\"><strong>Claves para Adoptar la Belleza Natural Despu\u00e9s de los 35<\/strong><\/h2>\n\n\n\n<h3 class=\"wp-block-heading\" id=\"cuida-tu-piel-la-base-de-la-belleza-natural\"><strong>Cuida tu piel: La base de la belleza natural<\/strong><\/h3>\n\n\n\n<p>La <strong>hidrataci\u00f3n<\/strong> es fundamental para lograr una piel radiante y saludable. Despu\u00e9s de los 35, la piel tiende a perder hidrataci\u00f3n m\u00e1s r\u00e1pidamente, por lo que es importante restaurar y mantener la humedad en la dermis.<\/p>\n\n\n\n<p>\ud83d\udd39 <strong>Recomendaci\u00f3n:<\/strong> Utiliza cremas hidratantes con <strong>\u00e1cido hialur\u00f3nico<\/strong> y <strong>ceramidas<\/strong> que ayuden a mantener la barrera cut\u00e1nea intacta.<\/p>\n\n\n\n<p>\ud83d\udd39 <strong>Consejo adicional:<\/strong> No olvides <strong>proteger tu piel del sol<\/strong> todos los d\u00edas con un protector solar de <strong>SPF 30 o superior<\/strong>, incluso en d\u00edas nublados. La exposici\u00f3n al sol acelera el envejecimiento cut\u00e1neo y contribuye a la p\u00e9rdida de luminosidad.<\/p>\n\n\n\n<hr class=\"wp-block-separator has-alpha-channel-opacity\"\/>\n\n\n\n<h3 class=\"wp-block-heading\" id=\"menos-maquillaje-mas-frescura\"><strong>Menos maquillaje, m\u00e1s frescura<\/strong><\/h3>\n\n\n\n<p>El maquillaje pesado a menudo oculta la belleza natural de nuestra piel. Despu\u00e9s de los 35, es recomendable optar por un maquillaje ligero que realce tus rasgos sin ocultarlos. El objetivo es una piel fresca, con un acabado natural y luminoso.<\/p>\n\n\n\n<p>\ud83d\udd39 <strong>Recomendaci\u00f3n:<\/strong> Utiliza bases ligeras, como <strong>BB creams<\/strong> o <strong>fondos de maquillaje con acabado natural<\/strong> que proporcionen cobertura sin saturar la piel.<\/p>\n\n\n\n<p>\ud83d\udd39 <strong>Consejo adicional:<\/strong> Para las ojeras, utiliza un <strong>corrector ligero<\/strong> que ilumine el \u00e1rea sin crear pliegues ni acentuar las l\u00edneas finas.<\/p>\n\n\n\n<hr class=\"wp-block-separator has-alpha-channel-opacity\"\/>\n\n\n\n<h3 class=\"wp-block-heading\" id=\"resalta-tus-ojos-con-sutileza\"><strong>Resalta tus ojos con sutileza<\/strong><\/h3>\n\n\n\n<p>Los ojos son el reflejo de nuestra energ\u00eda y personalidad. En lugar de aplicar capas gruesas de sombra o delineador, opta por resaltar tus ojos de manera m\u00e1s sutil, usando productos que iluminen y definan sin sobrecargar la mirada.<\/p>\n\n\n\n<p>\ud83d\udd39 <strong>Recomendaci\u00f3n:<\/strong> Usa <strong>m\u00e1scara de pesta\u00f1as ligera<\/strong> para abrir la mirada y <strong>sombras suaves<\/strong> en tonos neutros o c\u00e1lidos. Un delineado difuso puede ser una excelente opci\u00f3n para realzar sin endurecer la mirada.<\/p>\n\n\n\n<p>\ud83d\udd39 <strong>Consejo adicional:<\/strong> Si tienes cejas m\u00e1s finas, un <strong>gel para cejas<\/strong> puede ayudar a definirlas de forma natural y mantenerlas en su lugar.<\/p>\n\n\n\n<hr class=\"wp-block-separator has-alpha-channel-opacity\"\/>\n\n\n\n<h3 class=\"wp-block-heading\" id=\"labios-naturales-y-saludables\"><strong>Labios naturales y saludables<\/strong><\/h3>\n\n\n\n<p>En lugar de optar por colores fuertes o muy oscuros, elige tonos suaves y naturales que complementen tu piel. Los <strong>labios nude, rosas suaves o tonos melocot\u00f3n<\/strong> siempre dan un aspecto fresco y natural.<\/p>\n\n\n\n<p>\ud83d\udd39 <strong>Recomendaci\u00f3n:<\/strong> Usa b\u00e1lsamos labiales hidratantes con un toque de color o <strong>glosses<\/strong> que proporcionen brillo sin sobrecargar.<\/p>\n\n\n\n<p>\ud83d\udd39 <strong>Consejo adicional:<\/strong> Si prefieres un toque de color, elige <strong>tintes<\/strong> o <strong>lipsticks<\/strong> cremosos que no resequen los labios, y recuerda exfoliar tus labios una vez a la semana para mantenerlos suaves y suaves.<\/p>\n\n\n\n<hr class=\"wp-block-separator has-alpha-channel-opacity\"\/>\n\n\n\n<h3 class=\"wp-block-heading\" id=\"cuida-tu-cabello-con-productos-naturales\"><strong>Cuida tu cabello con productos naturales<\/strong><\/h3>\n\n\n\n<p>El cuidado del cabello tambi\u00e9n es parte de la belleza natural. Despu\u00e9s de los 35, el cabello puede perder brillo y volumen, por lo que es importante usar productos que hidraten, nutran y fortalezcan sin ser demasiado agresivos.<\/p>\n\n\n\n<p>\ud83d\udd39 <strong>Recomendaci\u00f3n:<\/strong> Opta por champ\u00fas suaves sin sulfatos y tratamientos con ingredientes naturales como <strong>aceite de arg\u00e1n<\/strong>, <strong>aceite de jojoba<\/strong> o <strong>aceite de coco<\/strong>.<\/p>\n\n\n\n<p>\ud83d\udd39 <strong>Consejo adicional:<\/strong> Hidratar tu cabello con mascarillas nutritivas puede ayudar a restaurar su brillo natural. Recuerda tambi\u00e9n evitar el uso excesivo de herramientas de calor, como secadores y planchas.<\/p>\n\n\n\n<hr class=\"wp-block-separator has-alpha-channel-opacity\"\/>\n\n\n\n<h3 class=\"wp-block-heading\" id=\"dieta-balanceada-para-potenciar-la-belleza-natural\"><strong>Dieta balanceada para potenciar la belleza natural<\/strong><\/h3>\n\n\n\n<p>Lo que comes tiene un gran impacto en tu piel y cabello. Una <strong>dieta rica en antioxidantes<\/strong> y nutrientes esenciales te ayudar\u00e1 a mejorar tu apariencia desde adentro hacia afuera.<\/p>\n\n\n\n<p>\ud83d\udd39 <strong>Recomendaci\u00f3n:<\/strong> Incorpora alimentos ricos en <strong>vitamina C<\/strong> (c\u00edtricos, fresas), <strong>vitamina E<\/strong> (almendras, aguacates), <strong>\u00e1cidos grasos omega-3<\/strong> (pescado, nueces) y <strong>betacarotenos<\/strong> (zanahorias, espinacas).<\/p>\n\n\n\n<p>\ud83d\udd39 <strong>Consejo adicional:<\/strong> Beber suficiente agua cada d\u00eda es crucial para mantener la hidrataci\u00f3n de la piel y promover una apariencia luminosa.<\/p>\n\n\n\n<hr class=\"wp-block-separator has-alpha-channel-opacity\"\/>\n\n\n\n<h2 class=\"wp-block-heading\" id=\"conclusion\"><strong>Conclusi\u00f3n<\/strong><\/h2>\n\n\n\n<p>La belleza natural no es solo una tendencia, sino una forma de abrazar tu verdadera esencia y resaltar lo mejor de ti misma sin artificios. A medida que avanzamos en edad, el enfoque de <strong>menos es m\u00e1s<\/strong> se convierte en una forma m\u00e1s saludable y aut\u00e9ntica de cuidar nuestra piel, cabello y bienestar.<\/p>\n\n\n\n<p>\u2728 <strong>Adopta una rutina de belleza sencilla, pero eficaz, que respete tu piel y te haga sentir incre\u00edble.<\/strong> Menos maquillaje, m\u00e1s frescura, y una actitud positiva frente a la belleza natural.<\/p>\n\n\n\n<hr class=\"wp-block-separator has-alpha-channel-opacity\"\/>\n\n\n\n<h3 class=\"wp-block-heading\" id=\"fuentes\"><strong>Fuentes:<\/strong><\/h3>\n\n\n\n<p>Inspirado en consejos de belleza natural y salud de la piel madura.<\/p>\n\n\n\n<p>\ud83d\udd17 <strong>Visita nuestro blog Mix Arte:<\/strong> <a href=\"https:\/\/mx.artereciclada.com.br\/es\/\">https:\/\/mx.artereciclada.com.br\/<\/a><br>\ud83d\udce9 <strong>Contacto:<\/strong> <a>contato@artereciclada.com.br<\/a><\/p>","protected":false},"excerpt":{"rendered":"<p>A medida que avanzamos en edad, nuestra perspectiva sobre la belleza cambia. La b\u00fasqueda de un look natural y aut\u00e9ntico se vuelve m\u00e1s relevante, especialmente despu\u00e9s de los 35 a\u00f1os. En lugar de seguir tendencias complicadas o cargar el rostro con productos pesados, el enfoque de belleza basado en la naturalidad se convierte en una [&hellip;]<\/p>","protected":false},"author":3,"featured_media":132,"comment_status":"open","ping_status":"open","sticky":false,"template":"","format":"standard","meta":{"footnotes":""},"categories":[6],"tags":[],"class_list":["post-131","post","type-post","status-publish","format-standard","has-post-thumbnail","hentry","category-esencia"],"blocksy_meta":[],"_links":{"self":[{"href":"https:\/\/mx.artereciclada.com.br\/es\/wp-json\/wp\/v2\/posts\/131","targetHints":{"allow":["GET"]}}],"collection":[{"href":"https:\/\/mx.artereciclada.com.br\/es\/wp-json\/wp\/v2\/posts"}],"about":[{"href":"https:\/\/mx.artereciclada.com.br\/es\/wp-json\/wp\/v2\/types\/post"}],"author":[{"embeddable":true,"href":"https:\/\/mx.artereciclada.com.br\/es\/wp-json\/wp\/v2\/users\/3"}],"replies":[{"embeddable":true,"href":"https:\/\/mx.artereciclada.com.br\/es\/wp-json\/wp\/v2\/comments?post=131"}],"version-history":[{"count":1,"href":"https:\/\/mx.artereciclada.com.br\/es\/wp-json\/wp\/v2\/posts\/131\/revisions"}],"predecessor-version":[{"id":133,"href":"https:\/\/mx.artereciclada.com.br\/es\/wp-json\/wp\/v2\/posts\/131\/revisions\/133"}],"wp:featuredmedia":[{"embeddable":true,"href":"https:\/\/mx.artereciclada.com.br\/es\/wp-json\/wp\/v2\/media\/132"}],"wp:attachment":[{"href":"https:\/\/mx.artereciclada.com.br\/es\/wp-json\/wp\/v2\/media?parent=131"}],"wp:term":[{"taxonomy":"category","embeddable":true,"href":"https:\/\/mx.artereciclada.com.br\/es\/wp-json\/wp\/v2\/categories?post=131"},{"taxonomy":"post_tag","embeddable":true,"href":"https:\/\/mx.artereciclada.com.br\/es\/wp-json\/wp\/v2\/tags?post=131"}],"curies":[{"name":"wp","href":"https:\/\/api.w.org\/{rel}","templated":true}]}}